{"id":3403,"date":"2025-09-20T02:10:01","date_gmt":"2025-09-20T07:10:01","guid":{"rendered":"https:\/\/www.panver.mx\/web\/?p=3403"},"modified":"2025-12-10T21:39:15","modified_gmt":"2025-12-11T03:39:15","slug":"acuerdos-cepe-ver-255-256-y-257-correspondientes-a-los-registros-de-las-asambleas-municipales-a-celebrarse-el-7-de-octubre-en-ozuluama-de-mascarenas-camerino-z-mendoza-catemaco-cerro-azul-jama","status":"publish","type":"post","link":"https:\/\/www.panver.mx\/web\/2025\/09\/20\/acuerdos-cepe-ver-255-256-y-257-correspondientes-a-los-registros-de-las-asambleas-municipales-a-celebrarse-el-7-de-octubre-en-ozuluama-de-mascarenas-camerino-z-mendoza-catemaco-cerro-azul-jama\/","title":{"rendered":"ACUERDOS CEPE\/VER\/255, 256 Y 257, CORRESPONDIENTES A LOS REGISTROS DE LAS ASAMBLEAS MUNICIPALES A CELEBRARSE EL 7 DE OCTUBRE EN  OZULUAMA DE MASCARE\u00d1AS, CAMERINO Z. MENDOZA, CATEMACO, CERRO AZUL, JAMAPA, MALTRATA, MANLIO FABIO A., NANCHITAL DE L\u00c1ZARO C\u00c1RDENAS, P\u00c1NUCO, PASO DEL MACHO, RAFAEL DELGADO, ALTO LUCERO DE GUTI\u00c9RREZ BARRIOS, PEROTE, PUENTE NACIONAL Y ZONGOLICA"},"content":{"rendered":"\n<div data-wp-interactive=\"core\/file\" class=\"wp-block-file\"><object data-wp-bind--hidden=\"!state.hasPdfPreview\" hidden class=\"wp-block-file__embed\" data=\"https:\/\/www.panver.mx\/web\/wp-content\/uploads\/2025\/09\/CEPEVER_255_2025.pdf\" type=\"application\/pdf\" style=\"width:100%;height:600px\" aria-label=\"Incrustado de CEPEVER_255_2025.\"><\/object><a id=\"wp-block-file--media-ab6199d6-469c-471c-8e9b-1b9feefa02e6\" href=\"https:\/\/www.panver.mx\/web\/wp-content\/uploads\/2025\/09\/CEPEVER_255_2025.pdf\">CEPEVER_255_2025<\/a><a href=\"https:\/\/www.panver.mx\/web\/wp-content\/uploads\/2025\/09\/CEPEVER_255_2025.pdf\" class=\"wp-block-file__button wp-element-button\" download aria-describedby=\"wp-block-file--media-ab6199d6-469c-471c-8e9b-1b9feefa02e6\">Descarga<\/a><\/div>\n\n\n\n<div data-wp-interactive=\"core\/file\" class=\"wp-block-file\"><object data-wp-bind--hidden=\"!state.hasPdfPreview\" hidden class=\"wp-block-file__embed\" data=\"https:\/\/www.panver.mx\/web\/wp-content\/uploads\/2025\/09\/CEPEVER_256_2025.pdf\" type=\"application\/pdf\" style=\"width:100%;height:600px\" aria-label=\"Incrustado de CEPEVER_256_2025.\"><\/object><a id=\"wp-block-file--media-17864666-8e00-4d75-b047-2c271353150d\" href=\"https:\/\/www.panver.mx\/web\/wp-content\/uploads\/2025\/09\/CEPEVER_256_2025.pdf\">CEPEVER_256_2025<\/a><a href=\"https:\/\/www.panver.mx\/web\/wp-content\/uploads\/2025\/09\/CEPEVER_256_2025.pdf\" class=\"wp-block-file__button wp-element-button\" download aria-describedby=\"wp-block-file--media-17864666-8e00-4d75-b047-2c271353150d\">Descarga<\/a><\/div>\n\n\n\n<div data-wp-interactive=\"core\/file\" class=\"wp-block-file\"><object data-wp-bind--hidden=\"!state.hasPdfPreview\" hidden class=\"wp-block-file__embed\" data=\"https:\/\/www.panver.mx\/web\/wp-content\/uploads\/2025\/09\/CEPEVER_257_2025.pdf\" type=\"application\/pdf\" style=\"width:100%;height:600px\" aria-label=\"Incrustado de CEPEVER_257_2025.\"><\/object><a id=\"wp-block-file--media-2790f8b2-6e39-4fb8-8322-b3053fc465e0\" href=\"https:\/\/www.panver.mx\/web\/wp-content\/uploads\/2025\/09\/CEPEVER_257_2025.pdf\">CEPEVER_257_2025<\/a><a href=\"https:\/\/www.panver.mx\/web\/wp-content\/uploads\/2025\/09\/CEPEVER_257_2025.pdf\" class=\"wp-block-file__button wp-element-button\" download aria-describedby=\"wp-block-file--media-2790f8b2-6e39-4fb8-8322-b3053fc465e0\">Descarga<\/a><\/div>\n","protected":false},"excerpt":{"rendered":"","protected":false},"author":5,"featured_media":0,"comment_status":"closed","ping_status":"open","sticky":false,"template":"","format":"standard","meta":{"footnotes":""},"categories":[16,1],"tags":[],"class_list":["post-3403","post","type-post","status-publish","format-standard","hentry","category-cepe","category-sin-categoria"],"yoast_head":"<!-- This site is optimized with the Yoast SEO plugin v26.5 - https:\/\/yoast.com\/wordpress\/plugins\/seo\/ -->\n<title>ACUERDOS CEPE\/VER\/255, 256 Y 257, CORRESPONDIENTES A LOS REGISTROS DE LAS ASAMBLEAS MUNICIPALES A CELEBRARSE EL 7 DE OCTUBRE EN OZULUAMA DE MASCARE\u00d1AS, CAMERINO Z. MENDOZA, CATEMACO, CERRO AZUL, JAMAPA, MALTRATA, MANLIO FABIO A., NANCHITAL DE L\u00c1ZARO C\u00c1RDENAS, P\u00c1NUCO, PASO DEL MACHO, RAFAEL DELGADO, ALTO LUCERO DE GUTI\u00c9RREZ BARRIOS, PEROTE, PUENTE NACIONAL Y ZONGOLICA - PAN Veracruz<\/title>\n<meta name=\"robots\" content=\"index, follow, max-snippet:-1, max-image-preview:large, max-video-preview:-1\" \/>\n<link rel=\"canonical\" href=\"https:\/\/www.panver.mx\/web\/2025\/09\/20\/acuerdos-cepe-ver-255-256-y-257-correspondientes-a-los-registros-de-las-asambleas-municipales-a-celebrarse-el-7-de-octubre-en-ozuluama-de-mascarenas-camerino-z-mendoza-catemaco-cerro-azul-jama\/\" \/>\n<meta property=\"og:locale\" content=\"es_MX\" \/>\n<meta property=\"og:type\" content=\"article\" \/>\n<meta property=\"og:title\" content=\"ACUERDOS CEPE\/VER\/255, 256 Y 257, CORRESPONDIENTES A LOS REGISTROS DE LAS ASAMBLEAS MUNICIPALES A CELEBRARSE EL 7 DE OCTUBRE EN OZULUAMA DE MASCARE\u00d1AS, CAMERINO Z. MENDOZA, CATEMACO, CERRO AZUL, JAMAPA, MALTRATA, MANLIO FABIO A., NANCHITAL DE L\u00c1ZARO C\u00c1RDENAS, P\u00c1NUCO, PASO DEL MACHO, RAFAEL DELGADO, ALTO LUCERO DE GUTI\u00c9RREZ BARRIOS, PEROTE, PUENTE NACIONAL Y ZONGOLICA - PAN Veracruz\" \/>\n<meta property=\"og:url\" content=\"https:\/\/www.panver.mx\/web\/2025\/09\/20\/acuerdos-cepe-ver-255-256-y-257-correspondientes-a-los-registros-de-las-asambleas-municipales-a-celebrarse-el-7-de-octubre-en-ozuluama-de-mascarenas-camerino-z-mendoza-catemaco-cerro-azul-jama\/\" \/>\n<meta property=\"og:site_name\" content=\"PAN Veracruz\" \/>\n<meta property=\"article:published_time\" content=\"2025-09-20T07:10:01+00:00\" \/>\n<meta property=\"article:modified_time\" content=\"2025-12-11T03:39:15+00:00\" \/>\n<meta name=\"author\" content=\"Maria luisa Rizo\" \/>\n<meta name=\"twitter:card\" content=\"summary_large_image\" \/>\n<meta name=\"twitter:label1\" content=\"Escrito por\" \/>\n\t<meta name=\"twitter:data1\" content=\"\" \/>\n\t<meta name=\"twitter:label2\" content=\"Tiempo de lectura\" \/>\n\t<meta name=\"twitter:data2\" content=\"1 minuto\" \/>\n<script type=\"application\/ld+json\" class=\"yoast-schema-graph\">{\"@context\":\"https:\/\/schema.org\",\"@graph\":[{\"@type\":\"Article\",\"@id\":\"https:\/\/www.panver.mx\/web\/2025\/09\/20\/acuerdos-cepe-ver-255-256-y-257-correspondientes-a-los-registros-de-las-asambleas-municipales-a-celebrarse-el-7-de-octubre-en-ozuluama-de-mascarenas-camerino-z-mendoza-catemaco-cerro-azul-jama\/#article\",\"isPartOf\":{\"@id\":\"https:\/\/www.panver.mx\/web\/2025\/09\/20\/acuerdos-cepe-ver-255-256-y-257-correspondientes-a-los-registros-de-las-asambleas-municipales-a-celebrarse-el-7-de-octubre-en-ozuluama-de-mascarenas-camerino-z-mendoza-catemaco-cerro-azul-jama\/\"},\"author\":{\"name\":\"Maria luisa Rizo\",\"@id\":\"https:\/\/www.panver.mx\/web\/#\/schema\/person\/d69a513bf6cb380dc6640cdcce9b2021\"},\"headline\":\"ACUERDOS CEPE\/VER\/255, 256 Y 257, CORRESPONDIENTES A LOS REGISTROS DE LAS ASAMBLEAS MUNICIPALES A CELEBRARSE EL 7 DE OCTUBRE EN OZULUAMA DE MASCARE\u00d1AS, CAMERINO Z. MENDOZA, CATEMACO, CERRO AZUL, JAMAPA, MALTRATA, MANLIO FABIO A., NANCHITAL DE L\u00c1ZARO C\u00c1RDENAS, P\u00c1NUCO, PASO DEL MACHO, RAFAEL DELGADO, ALTO LUCERO DE GUTI\u00c9RREZ BARRIOS, PEROTE, PUENTE NACIONAL Y ZONGOLICA\",\"datePublished\":\"2025-09-20T07:10:01+00:00\",\"dateModified\":\"2025-12-11T03:39:15+00:00\",\"mainEntityOfPage\":{\"@id\":\"https:\/\/www.panver.mx\/web\/2025\/09\/20\/acuerdos-cepe-ver-255-256-y-257-correspondientes-a-los-registros-de-las-asambleas-municipales-a-celebrarse-el-7-de-octubre-en-ozuluama-de-mascarenas-camerino-z-mendoza-catemaco-cerro-azul-jama\/\"},\"wordCount\":63,\"publisher\":{\"@id\":\"https:\/\/www.panver.mx\/web\/#organization\"},\"articleSection\":[\"CEPE\"],\"inLanguage\":\"es\"},{\"@type\":\"WebPage\",\"@id\":\"https:\/\/www.panver.mx\/web\/2025\/09\/20\/acuerdos-cepe-ver-255-256-y-257-correspondientes-a-los-registros-de-las-asambleas-municipales-a-celebrarse-el-7-de-octubre-en-ozuluama-de-mascarenas-camerino-z-mendoza-catemaco-cerro-azul-jama\/\",\"url\":\"https:\/\/www.panver.mx\/web\/2025\/09\/20\/acuerdos-cepe-ver-255-256-y-257-correspondientes-a-los-registros-de-las-asambleas-municipales-a-celebrarse-el-7-de-octubre-en-ozuluama-de-mascarenas-camerino-z-mendoza-catemaco-cerro-azul-jama\/\",\"name\":\"ACUERDOS CEPE\/VER\/255, 256 Y 257, CORRESPONDIENTES A LOS REGISTROS DE LAS ASAMBLEAS MUNICIPALES A CELEBRARSE EL 7 DE OCTUBRE EN OZULUAMA DE MASCARE\u00d1AS, CAMERINO Z. MENDOZA, CATEMACO, CERRO AZUL, JAMAPA, MALTRATA, MANLIO FABIO A., NANCHITAL DE L\u00c1ZARO C\u00c1RDENAS, P\u00c1NUCO, PASO DEL MACHO, RAFAEL DELGADO, ALTO LUCERO DE GUTI\u00c9RREZ BARRIOS, PEROTE, PUENTE NACIONAL Y ZONGOLICA - PAN Veracruz\",\"isPartOf\":{\"@id\":\"https:\/\/www.panver.mx\/web\/#website\"},\"datePublished\":\"2025-09-20T07:10:01+00:00\",\"dateModified\":\"2025-12-11T03:39:15+00:00\",\"breadcrumb\":{\"@id\":\"https:\/\/www.panver.mx\/web\/2025\/09\/20\/acuerdos-cepe-ver-255-256-y-257-correspondientes-a-los-registros-de-las-asambleas-municipales-a-celebrarse-el-7-de-octubre-en-ozuluama-de-mascarenas-camerino-z-mendoza-catemaco-cerro-azul-jama\/#breadcrumb\"},\"inLanguage\":\"es\",\"potentialAction\":[{\"@type\":\"ReadAction\",\"target\":[\"https:\/\/www.panver.mx\/web\/2025\/09\/20\/acuerdos-cepe-ver-255-256-y-257-correspondientes-a-los-registros-de-las-asambleas-municipales-a-celebrarse-el-7-de-octubre-en-ozuluama-de-mascarenas-camerino-z-mendoza-catemaco-cerro-azul-jama\/\"]}]},{\"@type\":\"BreadcrumbList\",\"@id\":\"https:\/\/www.panver.mx\/web\/2025\/09\/20\/acuerdos-cepe-ver-255-256-y-257-correspondientes-a-los-registros-de-las-asambleas-municipales-a-celebrarse-el-7-de-octubre-en-ozuluama-de-mascarenas-camerino-z-mendoza-catemaco-cerro-azul-jama\/#breadcrumb\",\"itemListElement\":[{\"@type\":\"ListItem\",\"position\":1,\"name\":\"Inicio\",\"item\":\"https:\/\/www.panver.mx\/web\/\"},{\"@type\":\"ListItem\",\"position\":2,\"name\":\"ACUERDOS CEPE\/VER\/255, 256 Y 257, CORRESPONDIENTES A LOS REGISTROS DE LAS ASAMBLEAS MUNICIPALES A CELEBRARSE EL 7 DE OCTUBRE EN OZULUAMA DE MASCARE\u00d1AS, CAMERINO Z. MENDOZA, CATEMACO, CERRO AZUL, JAMAPA, MALTRATA, MANLIO FABIO A., NANCHITAL DE L\u00c1ZARO C\u00c1RDENAS, P\u00c1NUCO, PASO DEL MACHO, RAFAEL DELGADO, ALTO LUCERO DE GUTI\u00c9RREZ BARRIOS, PEROTE, PUENTE NACIONAL Y ZONGOLICA\"}]},{\"@type\":\"WebSite\",\"@id\":\"https:\/\/www.panver.mx\/web\/#website\",\"url\":\"https:\/\/www.panver.mx\/web\/\",\"name\":\"PAN Veracruz\",\"description\":\"Sitio del Comit\u00e9 Directivo Estatal del Partido Acci\u00f3n Nacional en Veracruz\",\"publisher\":{\"@id\":\"https:\/\/www.panver.mx\/web\/#organization\"},\"potentialAction\":[{\"@type\":\"SearchAction\",\"target\":{\"@type\":\"EntryPoint\",\"urlTemplate\":\"https:\/\/www.panver.mx\/web\/?s={search_term_string}\"},\"query-input\":{\"@type\":\"PropertyValueSpecification\",\"valueRequired\":true,\"valueName\":\"search_term_string\"}}],\"inLanguage\":\"es\"},{\"@type\":\"Organization\",\"@id\":\"https:\/\/www.panver.mx\/web\/#organization\",\"name\":\"PAN Veracruz\",\"url\":\"https:\/\/www.panver.mx\/web\/\",\"logo\":{\"@type\":\"ImageObject\",\"inLanguage\":\"es\",\"@id\":\"https:\/\/www.panver.mx\/web\/#\/schema\/logo\/image\/\",\"url\":\"https:\/\/www.panver.mx\/web\/wp-content\/uploads\/2022\/12\/logocabecera.png\",\"contentUrl\":\"https:\/\/www.panver.mx\/web\/wp-content\/uploads\/2022\/12\/logocabecera.png\",\"width\":409,\"height\":200,\"caption\":\"PAN Veracruz\"},\"image\":{\"@id\":\"https:\/\/www.panver.mx\/web\/#\/schema\/logo\/image\/\"}},{\"@type\":\"Person\",\"@id\":\"https:\/\/www.panver.mx\/web\/#\/schema\/person\/d69a513bf6cb380dc6640cdcce9b2021\",\"name\":\"Maria luisa Rizo\",\"image\":{\"@type\":\"ImageObject\",\"inLanguage\":\"es\",\"@id\":\"https:\/\/www.panver.mx\/web\/#\/schema\/person\/image\/\",\"url\":\"https:\/\/secure.gravatar.com\/avatar\/b8addf1a8d4be1222863182d7258e0494d348ea53bb4b149c87bba3d182408b9?s=96&d=mm&r=g\",\"contentUrl\":\"https:\/\/secure.gravatar.com\/avatar\/b8addf1a8d4be1222863182d7258e0494d348ea53bb4b149c87bba3d182408b9?s=96&d=mm&r=g\",\"caption\":\"Maria luisa Rizo\"},\"url\":\"https:\/\/www.panver.mx\/web\/author\/maria-luisa\/\"}]}<\/script>\n<!-- \/ Yoast SEO plugin. -->","yoast_head_json":{"title":"ACUERDOS CEPE\/VER\/255, 256 Y 257, CORRESPONDIENTES A LOS REGISTROS DE LAS ASAMBLEAS MUNICIPALES A CELEBRARSE EL 7 DE OCTUBRE EN OZULUAMA DE MASCARE\u00d1AS, CAMERINO Z. MENDOZA, CATEMACO, CERRO AZUL, JAMAPA, MALTRATA, MANLIO FABIO A., NANCHITAL DE L\u00c1ZARO C\u00c1RDENAS, P\u00c1NUCO, PASO DEL MACHO, RAFAEL DELGADO, ALTO LUCERO DE GUTI\u00c9RREZ BARRIOS, PEROTE, PUENTE NACIONAL Y ZONGOLICA - PAN Veracruz","robots":{"index":"index","follow":"follow","max-snippet":"max-snippet:-1","max-image-preview":"max-image-preview:large","max-video-preview":"max-video-preview:-1"},"canonical":"https:\/\/www.panver.mx\/web\/2025\/09\/20\/acuerdos-cepe-ver-255-256-y-257-correspondientes-a-los-registros-de-las-asambleas-municipales-a-celebrarse-el-7-de-octubre-en-ozuluama-de-mascarenas-camerino-z-mendoza-catemaco-cerro-azul-jama\/","og_locale":"es_MX","og_type":"article","og_title":"ACUERDOS CEPE\/VER\/255, 256 Y 257, CORRESPONDIENTES A LOS REGISTROS DE LAS ASAMBLEAS MUNICIPALES A CELEBRARSE EL 7 DE OCTUBRE EN OZULUAMA DE MASCARE\u00d1AS, CAMERINO Z. MENDOZA, CATEMACO, CERRO AZUL, JAMAPA, MALTRATA, MANLIO FABIO A., NANCHITAL DE L\u00c1ZARO C\u00c1RDENAS, P\u00c1NUCO, PASO DEL MACHO, RAFAEL DELGADO, ALTO LUCERO DE GUTI\u00c9RREZ BARRIOS, PEROTE, PUENTE NACIONAL Y ZONGOLICA - PAN Veracruz","og_url":"https:\/\/www.panver.mx\/web\/2025\/09\/20\/acuerdos-cepe-ver-255-256-y-257-correspondientes-a-los-registros-de-las-asambleas-municipales-a-celebrarse-el-7-de-octubre-en-ozuluama-de-mascarenas-camerino-z-mendoza-catemaco-cerro-azul-jama\/","og_site_name":"PAN Veracruz","article_published_time":"2025-09-20T07:10:01+00:00","article_modified_time":"2025-12-11T03:39:15+00:00","author":"Maria luisa Rizo","twitter_card":"summary_large_image","twitter_misc":{"Escrito por":false,"Tiempo de lectura":"1 minuto"},"schema":{"@context":"https:\/\/schema.org","@graph":[{"@type":"Article","@id":"https:\/\/www.panver.mx\/web\/2025\/09\/20\/acuerdos-cepe-ver-255-256-y-257-correspondientes-a-los-registros-de-las-asambleas-municipales-a-celebrarse-el-7-de-octubre-en-ozuluama-de-mascarenas-camerino-z-mendoza-catemaco-cerro-azul-jama\/#article","isPartOf":{"@id":"https:\/\/www.panver.mx\/web\/2025\/09\/20\/acuerdos-cepe-ver-255-256-y-257-correspondientes-a-los-registros-de-las-asambleas-municipales-a-celebrarse-el-7-de-octubre-en-ozuluama-de-mascarenas-camerino-z-mendoza-catemaco-cerro-azul-jama\/"},"author":{"name":"Maria luisa Rizo","@id":"https:\/\/www.panver.mx\/web\/#\/schema\/person\/d69a513bf6cb380dc6640cdcce9b2021"},"headline":"ACUERDOS CEPE\/VER\/255, 256 Y 257, CORRESPONDIENTES A LOS REGISTROS DE LAS ASAMBLEAS MUNICIPALES A CELEBRARSE EL 7 DE OCTUBRE EN OZULUAMA DE MASCARE\u00d1AS, CAMERINO Z. MENDOZA, CATEMACO, CERRO AZUL, JAMAPA, MALTRATA, MANLIO FABIO A., NANCHITAL DE L\u00c1ZARO C\u00c1RDENAS, P\u00c1NUCO, PASO DEL MACHO, RAFAEL DELGADO, ALTO LUCERO DE GUTI\u00c9RREZ BARRIOS, PEROTE, PUENTE NACIONAL Y ZONGOLICA","datePublished":"2025-09-20T07:10:01+00:00","dateModified":"2025-12-11T03:39:15+00:00","mainEntityOfPage":{"@id":"https:\/\/www.panver.mx\/web\/2025\/09\/20\/acuerdos-cepe-ver-255-256-y-257-correspondientes-a-los-registros-de-las-asambleas-municipales-a-celebrarse-el-7-de-octubre-en-ozuluama-de-mascarenas-camerino-z-mendoza-catemaco-cerro-azul-jama\/"},"wordCount":63,"publisher":{"@id":"https:\/\/www.panver.mx\/web\/#organization"},"articleSection":["CEPE"],"inLanguage":"es"},{"@type":"WebPage","@id":"https:\/\/www.panver.mx\/web\/2025\/09\/20\/acuerdos-cepe-ver-255-256-y-257-correspondientes-a-los-registros-de-las-asambleas-municipales-a-celebrarse-el-7-de-octubre-en-ozuluama-de-mascarenas-camerino-z-mendoza-catemaco-cerro-azul-jama\/","url":"https:\/\/www.panver.mx\/web\/2025\/09\/20\/acuerdos-cepe-ver-255-256-y-257-correspondientes-a-los-registros-de-las-asambleas-municipales-a-celebrarse-el-7-de-octubre-en-ozuluama-de-mascarenas-camerino-z-mendoza-catemaco-cerro-azul-jama\/","name":"ACUERDOS CEPE\/VER\/255, 256 Y 257, CORRESPONDIENTES A LOS REGISTROS DE LAS ASAMBLEAS MUNICIPALES A CELEBRARSE EL 7 DE OCTUBRE EN OZULUAMA DE MASCARE\u00d1AS, CAMERINO Z. MENDOZA, CATEMACO, CERRO AZUL, JAMAPA, MALTRATA, MANLIO FABIO A., NANCHITAL DE L\u00c1ZARO C\u00c1RDENAS, P\u00c1NUCO, PASO DEL MACHO, RAFAEL DELGADO, ALTO LUCERO DE GUTI\u00c9RREZ BARRIOS, PEROTE, PUENTE NACIONAL Y ZONGOLICA - PAN Veracruz","isPartOf":{"@id":"https:\/\/www.panver.mx\/web\/#website"},"datePublished":"2025-09-20T07:10:01+00:00","dateModified":"2025-12-11T03:39:15+00:00","breadcrumb":{"@id":"https:\/\/www.panver.mx\/web\/2025\/09\/20\/acuerdos-cepe-ver-255-256-y-257-correspondientes-a-los-registros-de-las-asambleas-municipales-a-celebrarse-el-7-de-octubre-en-ozuluama-de-mascarenas-camerino-z-mendoza-catemaco-cerro-azul-jama\/#breadcrumb"},"inLanguage":"es","potentialAction":[{"@type":"ReadAction","target":["https:\/\/www.panver.mx\/web\/2025\/09\/20\/acuerdos-cepe-ver-255-256-y-257-correspondientes-a-los-registros-de-las-asambleas-municipales-a-celebrarse-el-7-de-octubre-en-ozuluama-de-mascarenas-camerino-z-mendoza-catemaco-cerro-azul-jama\/"]}]},{"@type":"BreadcrumbList","@id":"https:\/\/www.panver.mx\/web\/2025\/09\/20\/acuerdos-cepe-ver-255-256-y-257-correspondientes-a-los-registros-de-las-asambleas-municipales-a-celebrarse-el-7-de-octubre-en-ozuluama-de-mascarenas-camerino-z-mendoza-catemaco-cerro-azul-jama\/#breadcrumb","itemListElement":[{"@type":"ListItem","position":1,"name":"Inicio","item":"https:\/\/www.panver.mx\/web\/"},{"@type":"ListItem","position":2,"name":"ACUERDOS CEPE\/VER\/255, 256 Y 257, CORRESPONDIENTES A LOS REGISTROS DE LAS ASAMBLEAS MUNICIPALES A CELEBRARSE EL 7 DE OCTUBRE EN OZULUAMA DE MASCARE\u00d1AS, CAMERINO Z. MENDOZA, CATEMACO, CERRO AZUL, JAMAPA, MALTRATA, MANLIO FABIO A., NANCHITAL DE L\u00c1ZARO C\u00c1RDENAS, P\u00c1NUCO, PASO DEL MACHO, RAFAEL DELGADO, ALTO LUCERO DE GUTI\u00c9RREZ BARRIOS, PEROTE, PUENTE NACIONAL Y ZONGOLICA"}]},{"@type":"WebSite","@id":"https:\/\/www.panver.mx\/web\/#website","url":"https:\/\/www.panver.mx\/web\/","name":"PAN Veracruz","description":"Sitio del Comit\u00e9 Directivo Estatal del Partido Acci\u00f3n Nacional en Veracruz","publisher":{"@id":"https:\/\/www.panver.mx\/web\/#organization"},"potentialAction":[{"@type":"SearchAction","target":{"@type":"EntryPoint","urlTemplate":"https:\/\/www.panver.mx\/web\/?s={search_term_string}"},"query-input":{"@type":"PropertyValueSpecification","valueRequired":true,"valueName":"search_term_string"}}],"inLanguage":"es"},{"@type":"Organization","@id":"https:\/\/www.panver.mx\/web\/#organization","name":"PAN Veracruz","url":"https:\/\/www.panver.mx\/web\/","logo":{"@type":"ImageObject","inLanguage":"es","@id":"https:\/\/www.panver.mx\/web\/#\/schema\/logo\/image\/","url":"https:\/\/www.panver.mx\/web\/wp-content\/uploads\/2022\/12\/logocabecera.png","contentUrl":"https:\/\/www.panver.mx\/web\/wp-content\/uploads\/2022\/12\/logocabecera.png","width":409,"height":200,"caption":"PAN Veracruz"},"image":{"@id":"https:\/\/www.panver.mx\/web\/#\/schema\/logo\/image\/"}},{"@type":"Person","@id":"https:\/\/www.panver.mx\/web\/#\/schema\/person\/d69a513bf6cb380dc6640cdcce9b2021","name":"Maria luisa Rizo","image":{"@type":"ImageObject","inLanguage":"es","@id":"https:\/\/www.panver.mx\/web\/#\/schema\/person\/image\/","url":"https:\/\/secure.gravatar.com\/avatar\/b8addf1a8d4be1222863182d7258e0494d348ea53bb4b149c87bba3d182408b9?s=96&d=mm&r=g","contentUrl":"https:\/\/secure.gravatar.com\/avatar\/b8addf1a8d4be1222863182d7258e0494d348ea53bb4b149c87bba3d182408b9?s=96&d=mm&r=g","caption":"Maria luisa Rizo"},"url":"https:\/\/www.panver.mx\/web\/author\/maria-luisa\/"}]}},"_links":{"self":[{"href":"https:\/\/www.panver.mx\/web\/wp-json\/wp\/v2\/posts\/3403","targetHints":{"allow":["GET"]}}],"collection":[{"href":"https:\/\/www.panver.mx\/web\/wp-json\/wp\/v2\/posts"}],"about":[{"href":"https:\/\/www.panver.mx\/web\/wp-json\/wp\/v2\/types\/post"}],"author":[{"embeddable":true,"href":"https:\/\/www.panver.mx\/web\/wp-json\/wp\/v2\/users\/5"}],"replies":[{"embeddable":true,"href":"https:\/\/www.panver.mx\/web\/wp-json\/wp\/v2\/comments?post=3403"}],"version-history":[{"count":1,"href":"https:\/\/www.panver.mx\/web\/wp-json\/wp\/v2\/posts\/3403\/revisions"}],"predecessor-version":[{"id":3407,"href":"https:\/\/www.panver.mx\/web\/wp-json\/wp\/v2\/posts\/3403\/revisions\/3407"}],"wp:attachment":[{"href":"https:\/\/www.panver.mx\/web\/wp-json\/wp\/v2\/media?parent=3403"}],"wp:term":[{"taxonomy":"category","embeddable":true,"href":"https:\/\/www.panver.mx\/web\/wp-json\/wp\/v2\/categories?post=3403"},{"taxonomy":"post_tag","embeddable":true,"href":"https:\/\/www.panver.mx\/web\/wp-json\/wp\/v2\/tags?post=3403"}],"curies":[{"name":"wp","href":"https:\/\/api.w.org\/{rel}","templated":true}]}}